{"id":1307,"date":"2021-07-14T19:04:30","date_gmt":"2021-07-14T22:04:30","guid":{"rendered":"https:\/\/tierradenoticias.com\/web\/?p=1307"},"modified":"2021-07-14T19:06:54","modified_gmt":"2021-07-14T22:06:54","slug":"la-municipalidad-de-ushuaia-dara-inicio-a-las-actividades-de-activa-el-invierno","status":"publish","type":"post","link":"https:\/\/tierradenoticias.com\/web\/2021\/07\/14\/la-municipalidad-de-ushuaia-dara-inicio-a-las-actividades-de-activa-el-invierno\/","title":{"rendered":"LA MUNICIPALIDAD DE USHUAIA DAR\u00c1 INICIO A LAS ACTIVIDADES DE \u201cACTIV\u00c1 EL INVIERNO\u201d"},"content":{"rendered":"\n<p>La Municipalidad de Ushuaia, a trav\u00e9s de la Secretar\u00eda de Pol\u00edticas Sociales, Sanitarias y Derechos Humanos, iniciar\u00e1 el programa \u201cActiv\u00e1 el Invierno 2021\u201d, compuesto por ciclos de talleres, charlas y actividades apuntado a j\u00f3venes de entre 13 a 30 a\u00f1os entre los d\u00edas 19 y 30 de julio. La secretaria de Pol\u00edticas Sociales, Sanitarias y Derechos Humanos, Lic. Sabrina Marcucci, explic\u00f3 que \u201cla iniciativa viene a ofrecer un espacio de recreaci\u00f3n y socializaci\u00f3n para las y los j\u00f3venes durante el per\u00edodo vacacional\u201d.<\/p>\n\n\n\n<p>Dentro de las actividades comprendidas en Activ\u00e1 el Invierno, se destacan el esqu\u00ed de fondo, a brindarse en la Pista Jerman camino al Glacial Martial y patinaje sobre hielo, en la Pista de Patinaje Municipal anexa al Polideportivo Municipal. Los participantes deber\u00e1n inscribirse mediante el siguiente formulario:&nbsp;<a rel=\"noreferrer noopener\" href=\"https:\/\/l.facebook.com\/l.php?u=https%3A%2F%2Fdocs.google.com%2Fforms%2Fd%2F1NSsIRYbNgXwMxKgib0TcbOO6hJ2D3YD7oC5n0OzxXsc%2Fprefill%3Ffbclid%3DIwAR0FRjwct14ACW_Q7_xiB8N_yXKxJO2CxsVr584-DHRJ7Ii_GFu7_Itptp4&amp;h=AT0uj3WrHbgsaiqodEVjKZdaDLzse0Mmj26_jvxIXkSnn4E5XxnUjaamI1-6960WGagSc1cZsFgwMwcEAt74Xboc_CDaAkr7kd0yFMLokqiD4AmGd6L6veMDL0qyf8sp2Agcdg\" target=\"_blank\">https:\/\/docs.google.com\/forms\/d\/1NSsIRYbNgXwMxKgib0TcbOO6hJ2D3YD7oC5n0OzxXsc\/prefill<\/a>&nbsp;.<\/p>\n\n\n\n<p>Las mismas, que est\u00e1n proyectadas para el d\u00eda lunes y\/o martes son pasibles de suspensi\u00f3n debido a condiciones meteorol\u00f3gicas.<\/p>\n\n\n\n<p>Activ\u00e1 el Invierno contar\u00e1 con talleres de cocina, teatro, peluquer\u00eda, dibujo, tenis de mesa, guitarra, percusi\u00f3n, danza, breaking, kpop, magia y teatro, se brindar\u00e1 en la franja horaria de 12 a 17:30 horas tanto en la sede del CEPLA, ubicada en Pablo Imdoben al 1140 as\u00ed como en el SUM del Barrio KyD.<\/p>\n\n\n\n<p>Quienes deseen participar, podr\u00e1n inscribirse a trav\u00e9s de las redes sociales @cepla_elpalomar tanto en Facebook como Instagram solicitando el formulario para el curso correspondiente o bien acerc\u00e1ndose al CEPLA en horario de 10 a 19hs.<\/p>\n\n\n\n<p>Marcucci remarc\u00f3 \u201cla importancia de poder acompa\u00f1ar a nuestras y nuestros j\u00f3venes con actividades, talleres y charlas. Estamos muy contentos del abanico de ofertas para este invierno que impulsamos gracias al trabajo articulado con las otras \u00e1reas de la Municipalidad. Generar espacios de recreaci\u00f3n y socializaci\u00f3n es algo que el intendente siempre nos recuerda como parte del eje de gesti\u00f3n\u201d.<\/p>\n\n\n\n<p>En el apartado de charlas, todas ellas brindadas por el equipo interdisciplinario de la Municipalidad de Ushuaia, figuran las tem\u00e1ticas de Zoonosis, Medio Ambiente, aprendizaje de R.C.P y Hablemos de ESI.<\/p>\n\n\n\n<p>El subsecretario de Desarrollo Comunitario, Pablo P\u00e9rez, cont\u00f3 que \u201cestamos expandiendo los talleres que brinda el CEPLA a lo largo del a\u00f1o a otros puntos de la ciudad, siendo en este caso el Barrio KyD, generando dispositivos que posibiliten un trabajo y articulaci\u00f3n territorial, pensando en lo que ser\u00e1n las vacaciones de invierno\u201d. Hizo hincapi\u00e9 en que \u201clas actividades contar\u00e1n con los protocolos sanitarios vigentes. Nuestro objetivo es brindar un espacio de recreaci\u00f3n para las y los j\u00f3venes mientras los cuidamos\u201d<\/p>\n\n\n\n<p>Por su parte, la directora de Derechos Humanos y Prevenci\u00f3n, Constanza Rija Masaguer, record\u00f3 que \u201clas inscripciones son de suma importancia dado que contamos con cupos limitados, les pedimos que nos env\u00eden un mensaje privado a nuestras redes oficiales del CEPLA, o se acerquen a nuestro edificio, indicando el taller o charla en el que desean participar para no perderse de las actividades\u201d.<\/p>\n\n\n\n<p>Agreg\u00f3 que \u201cadem\u00e1s de los talleres y actividades buscamos generar espacios seguros donde nuestros j\u00f3venes puedan evacuar dudas o profundizar sobre temas que les interesen. Vamos a contar con espacios de articulaci\u00f3n de distintas \u00e1reas del municipio especializados para brindarlos\u201d.<a href=\"http:\/\/noticiastierradelfuego.com\/web\/wp-admin\/post.php?post=4558&amp;action=edit\"><\/a><\/p>\n","protected":false},"excerpt":{"rendered":"<p>La Municipalidad de Ushuaia, a trav\u00e9s de la Secretar\u00eda de Pol\u00edticas Sociales, Sanitarias y Derechos Humanos, iniciar\u00e1 el programa \u201cActiv\u00e1 el Invierno 2021\u201d, compuesto por ciclos de talleres, charlas y actividades apuntado a j\u00f3venes de entre 13 a 30 a\u00f1os entre los d\u00edas 19 y 30 de julio. La secretaria de Pol\u00edticas Sociales, Sanitarias y [&hellip;]<\/p>\n","protected":false},"author":1,"featured_media":1308,"comment_status":"closed","ping_status":"closed","sticky":false,"template":"","format":"standard","meta":{"footnotes":""},"categories":[52,28],"tags":[49],"class_list":["post-1307","post","type-post","status-publish","format-standard","has-post-thumbnail","hentry","category-ultimas-noticias","category-ushuaia","tag-municipalidad-de-ushuaia"],"_links":{"self":[{"href":"https:\/\/tierradenoticias.com\/web\/wp-json\/wp\/v2\/posts\/1307","targetHints":{"allow":["GET"]}}],"collection":[{"href":"https:\/\/tierradenoticias.com\/web\/wp-json\/wp\/v2\/posts"}],"about":[{"href":"https:\/\/tierradenoticias.com\/web\/wp-json\/wp\/v2\/types\/post"}],"author":[{"embeddable":true,"href":"https:\/\/tierradenoticias.com\/web\/wp-json\/wp\/v2\/users\/1"}],"replies":[{"embeddable":true,"href":"https:\/\/tierradenoticias.com\/web\/wp-json\/wp\/v2\/comments?post=1307"}],"version-history":[{"count":1,"href":"https:\/\/tierradenoticias.com\/web\/wp-json\/wp\/v2\/posts\/1307\/revisions"}],"predecessor-version":[{"id":1309,"href":"https:\/\/tierradenoticias.com\/web\/wp-json\/wp\/v2\/posts\/1307\/revisions\/1309"}],"wp:featuredmedia":[{"embeddable":true,"href":"https:\/\/tierradenoticias.com\/web\/wp-json\/wp\/v2\/media\/1308"}],"wp:attachment":[{"href":"https:\/\/tierradenoticias.com\/web\/wp-json\/wp\/v2\/media?parent=1307"}],"wp:term":[{"taxonomy":"category","embeddable":true,"href":"https:\/\/tierradenoticias.com\/web\/wp-json\/wp\/v2\/categories?post=1307"},{"taxonomy":"post_tag","embeddable":true,"href":"https:\/\/tierradenoticias.com\/web\/wp-json\/wp\/v2\/tags?post=1307"}],"curies":[{"name":"wp","href":"https:\/\/api.w.org\/{rel}","templated":true}]}}