{"id":178083,"date":"2026-04-26T09:05:10","date_gmt":"2026-04-26T12:05:10","guid":{"rendered":"https:\/\/tierradenoticias.com\/web\/2026\/04\/26\/mourinho-y-los-aplausos-para-prestianni-despues-de-conocerse-la-sancion-de-seis-partidos\/"},"modified":"2026-04-26T09:05:10","modified_gmt":"2026-04-26T12:05:10","slug":"mourinho-y-los-aplausos-para-prestianni-despues-de-conocerse-la-sancion-de-seis-partidos","status":"publish","type":"post","link":"https:\/\/tierradenoticias.com\/web\/2026\/04\/26\/mourinho-y-los-aplausos-para-prestianni-despues-de-conocerse-la-sancion-de-seis-partidos\/","title":{"rendered":"Mourinho y los aplausos para Prestianni despu\u00e9s de conocerse la sanci\u00f3n de seis partidos"},"content":{"rendered":"<p>El DT del Benfica elogi\u00f3 al argentino, quien fue muy bien recibido por los hinchas luego de que se haga oficial su castigo por el esc\u00e1ndalo con Vinicius.<\/p>\n<p>\u200b<\/p>\n<p>El DT del Benfica elogi\u00f3 al argentino, quien fue muy bien recibido por los hinchas luego de que se haga oficial su castigo por el esc\u00e1ndalo con Vinicius.<\/p>\n<p>\u00a0El DT del Benfica elogi\u00f3 al argentino, quien fue muy bien recibido por los hinchas luego de que se haga oficial su castigo por el esc\u00e1ndalo con Vinicius.\u00a0\u00a0www.ole.com.ar &#8211; Home<\/p>","protected":false},"excerpt":{"rendered":"<p>El DT del Benfica elogi\u00f3 al argentino, quien fue muy bien recibido por los hinchas luego de que se haga oficial su castigo por el esc\u00e1ndalo con Vinicius. \u200b El DT del Benfica elogi\u00f3 al argentino, quien fue muy bien recibido por los hinchas luego de que se haga oficial su castigo por el esc\u00e1ndalo [&hellip;]<\/p>\n","protected":false},"author":0,"featured_media":178084,"comment_status":"closed","ping_status":"open","sticky":false,"template":"","format":"standard","meta":{"footnotes":""},"categories":[43,52],"tags":[],"class_list":["post-178083","post","type-post","status-publish","format-standard","has-post-thumbnail","hentry","category-deporte","category-ultimas-noticias"],"_links":{"self":[{"href":"https:\/\/tierradenoticias.com\/web\/wp-json\/wp\/v2\/posts\/178083","targetHints":{"allow":["GET"]}}],"collection":[{"href":"https:\/\/tierradenoticias.com\/web\/wp-json\/wp\/v2\/posts"}],"about":[{"href":"https:\/\/tierradenoticias.com\/web\/wp-json\/wp\/v2\/types\/post"}],"replies":[{"embeddable":true,"href":"https:\/\/tierradenoticias.com\/web\/wp-json\/wp\/v2\/comments?post=178083"}],"version-history":[{"count":0,"href":"https:\/\/tierradenoticias.com\/web\/wp-json\/wp\/v2\/posts\/178083\/revisions"}],"wp:featuredmedia":[{"embeddable":true,"href":"https:\/\/tierradenoticias.com\/web\/wp-json\/wp\/v2\/media\/178084"}],"wp:attachment":[{"href":"https:\/\/tierradenoticias.com\/web\/wp-json\/wp\/v2\/media?parent=178083"}],"wp:term":[{"taxonomy":"category","embeddable":true,"href":"https:\/\/tierradenoticias.com\/web\/wp-json\/wp\/v2\/categories?post=178083"},{"taxonomy":"post_tag","embeddable":true,"href":"https:\/\/tierradenoticias.com\/web\/wp-json\/wp\/v2\/tags?post=178083"}],"curies":[{"name":"wp","href":"https:\/\/api.w.org\/{rel}","templated":true}]}}